{"id":432,"date":"2025-06-19T16:16:24","date_gmt":"2025-06-19T14:16:24","guid":{"rendered":"https:\/\/www.taxi-schwechat-transfer.eu\/?p=432"},"modified":"2025-06-20T10:23:01","modified_gmt":"2025-06-20T08:23:01","slug":"odvoz-na-letisko-vieden","status":"publish","type":"post","link":"https:\/\/www.taxi-schwechat-transfer.eu\/en\/odvoz-na-letisko-vieden\/","title":{"rendered":"Odvoz na letisko Viede\u0148"},"content":{"rendered":"<p data-start=\"234\" data-end=\"584\"><strong data-start=\"234\" data-end=\"261\">Odvoz na letisko Viede\u0148<\/strong> je ide\u00e1lnym rie\u0161en\u00edm pre v\u0161etk\u00fdch, ktor\u00ed h\u013eadaj\u00fa pohodln\u00fa, r\u00fdchlu a bezpe\u010dn\u00fa dopravu z Bratislavy alebo okolit\u00fdch miest priamo na letisko Schwechat. \u010ci u\u017e cestujete slu\u017eobne, na dovolenku alebo za rodinou, profesion\u00e1lny transfer v\u00e1m zabezpe\u010d\u00ed bezstresov\u00fa cestu bez zbyto\u010dn\u00e9ho \u010dakania, komplik\u00e1ci\u00ed \u010di starost\u00ed s parkovan\u00edm.<\/p>\n<p data-start=\"234\" data-end=\"584\"><img loading=\"lazy\" decoding=\"async\" class=\"alignnone size-large wp-image-472\" src=\"https:\/\/www.taxi-schwechat-transfer.eu\/wp-content\/uploads\/2025\/06\/Odvoz-na-letisko-Vieden2-1024x683.jpg\" alt=\"Odvoz na letisko Viede\u0148\" width=\"1024\" height=\"683\" srcset=\"https:\/\/www.taxi-schwechat-transfer.eu\/wp-content\/uploads\/2025\/06\/Odvoz-na-letisko-Vieden2-1024x683.jpg 1024w, https:\/\/www.taxi-schwechat-transfer.eu\/wp-content\/uploads\/2025\/06\/Odvoz-na-letisko-Vieden2-300x200.jpg 300w, https:\/\/www.taxi-schwechat-transfer.eu\/wp-content\/uploads\/2025\/06\/Odvoz-na-letisko-Vieden2-768x512.jpg 768w, https:\/\/www.taxi-schwechat-transfer.eu\/wp-content\/uploads\/2025\/06\/Odvoz-na-letisko-Vieden2-1536x1024.jpg 1536w, https:\/\/www.taxi-schwechat-transfer.eu\/wp-content\/uploads\/2025\/06\/Odvoz-na-letisko-Vieden2-2048x1365.jpg 2048w, https:\/\/www.taxi-schwechat-transfer.eu\/wp-content\/uploads\/2025\/06\/Odvoz-na-letisko-Vieden2-18x12.jpg 18w\" sizes=\"auto, (max-width: 1024px) 100vw, 1024px\" \/><\/p>\n<h2 data-start=\"586\" data-end=\"629\">Pre\u010do si vybra\u0165 odvoz na letisko Viede\u0148?<\/h2>\n<p data-start=\"631\" data-end=\"751\">V\u00fdber spr\u00e1vnej dopravy na letisko je k\u013e\u00fa\u010dov\u00fd pre pohodlie va\u0161ej cesty. Taxi alebo s\u00fakromn\u00fd transfer prin\u00e1\u0161a mnoho v\u00fdhod:<\/p>\n<ul data-start=\"753\" data-end=\"1283\">\n<li data-start=\"753\" data-end=\"908\">\n<p data-start=\"755\" data-end=\"908\"><strong data-start=\"755\" data-end=\"778\">Pohodlie a komfort:<\/strong> Vodi\u010d v\u00e1s vyzdvihne priamo na vami zvolenom mieste, pom\u00f4\u017ee s bato\u017einou a zabezpe\u010d\u00ed klimatizovan\u00e9 vozidlo s dostatkom priestoru.<\/p>\n<\/li>\n<li data-start=\"909\" data-end=\"1031\">\n<p data-start=\"911\" data-end=\"1031\"><strong data-start=\"911\" data-end=\"928\">Spo\u013eahlivos\u0165:<\/strong> Sledovanie letu v re\u00e1lnom \u010dase umo\u017e\u0148uje vodi\u010dovi prisp\u00f4sobi\u0165 \u010das vyzdvihnutia aj v pr\u00edpade me\u0161kania.<\/p>\n<\/li>\n<li data-start=\"1032\" data-end=\"1176\">\n<p data-start=\"1034\" data-end=\"1176\"><strong data-start=\"1034\" data-end=\"1050\">Flexibilita:<\/strong> Slu\u017eba je dostupn\u00e1 24 hod\u00edn denne, 7 dn\u00ed v t\u00fd\u017edni vr\u00e1tane sviatkov, tak\u017ee sa prisp\u00f4sob\u00ed v\u00e1\u0161mu letov\u00e9mu pl\u00e1nu bez obmedzen\u00ed.<\/p>\n<\/li>\n<li data-start=\"1177\" data-end=\"1283\">\n<p data-start=\"1179\" data-end=\"1283\"><strong data-start=\"1179\" data-end=\"1198\">Bezstarostnos\u0165:<\/strong> Nemus\u00edte rie\u0161i\u0165 dopravu vlastn\u00fdm autom, parkovanie ani prestupy vo verejnej doprave.<\/p>\n<\/li>\n<\/ul>\n<h2 data-start=\"1285\" data-end=\"1332\">Kto vyu\u017e\u00edva slu\u017ebu odvozu na letisko Viede\u0148?<\/h2>\n<p data-start=\"1334\" data-end=\"1401\"><strong data-start=\"1334\" data-end=\"1361\">Odvoz na letisko Viede\u0148<\/strong> je vhodn\u00fd pre \u0161irok\u00fa \u0161k\u00e1lu cestuj\u00facich:<\/p>\n<ul data-start=\"1403\" data-end=\"1718\">\n<li data-start=\"1403\" data-end=\"1461\">\n<p data-start=\"1405\" data-end=\"1461\"><strong data-start=\"1405\" data-end=\"1421\">Jednotlivci:<\/strong> ktor\u00ed chc\u00fa cestova\u0165 pohodlne a na\u010das.<\/p>\n<\/li>\n<li data-start=\"1462\" data-end=\"1546\">\n<p data-start=\"1464\" data-end=\"1546\"><strong data-start=\"1464\" data-end=\"1483\">Rodiny s de\u0165mi:<\/strong> mo\u017enos\u0165 zabezpe\u010denia detskej autoseda\u010dky a v\u00e4\u010d\u0161ieho vozidla.<\/p>\n<\/li>\n<li data-start=\"1547\" data-end=\"1622\">\n<p data-start=\"1549\" data-end=\"1622\"><strong data-start=\"1549\" data-end=\"1570\">Business klienti:<\/strong> ktor\u00ed oce\u0148uj\u00fa diskr\u00e9tnos\u0165 a profesion\u00e1lny servis.<\/p>\n<\/li>\n<li data-start=\"1623\" data-end=\"1718\">\n<p data-start=\"1625\" data-end=\"1718\"><strong data-start=\"1625\" data-end=\"1649\">Skupiny cestuj\u00facich:<\/strong> s mo\u017enos\u0165ou objedna\u0165 mikrobus alebo v\u00e4\u010d\u0161ie vozidlo pod\u013ea po\u010dtu os\u00f4b.<\/p>\n<\/li>\n<\/ul>\n<h2 data-start=\"1720\" data-end=\"1772\">Ako prebieha objedn\u00e1vka odvozu na letisko Viede\u0148?<\/h2>\n<p data-start=\"1774\" data-end=\"1839\">Rezerv\u00e1cia je ve\u013emi jednoduch\u00e1 a r\u00fdchla. Sta\u010d\u00ed zada\u0165 tieto \u00fadaje:<\/p>\n<ul data-start=\"1841\" data-end=\"2012\">\n<li data-start=\"1841\" data-end=\"1864\">\n<p data-start=\"1843\" data-end=\"1864\">miesto vyzdvihnutia<\/p>\n<\/li>\n<li data-start=\"1865\" data-end=\"1888\">\n<p data-start=\"1867\" data-end=\"1888\">d\u00e1tum a \u010das odchodu<\/p>\n<\/li>\n<li data-start=\"1889\" data-end=\"1921\">\n<p data-start=\"1891\" data-end=\"1921\">po\u010det cestuj\u00facich a bato\u017einy<\/p>\n<\/li>\n<li data-start=\"1922\" data-end=\"2012\">\n<p data-start=\"1924\" data-end=\"2012\">pr\u00edpadn\u00e9 \u0161peci\u00e1lne po\u017eiadavky (detsk\u00e1 seda\u010dka, v\u00e4\u010d\u0161ie vozidlo, anglicky hovoriaci vodi\u010d)<\/p>\n<\/li>\n<\/ul>\n<p data-start=\"2014\" data-end=\"2242\">Po potvrden\u00ed rezerv\u00e1cie dostanete v\u0161etky potrebn\u00e9 inform\u00e1cie vr\u00e1tane kontaktu na vodi\u010da. V pr\u00edpade zmeny alebo me\u0161kania letu sledujeme aktu\u00e1lne inform\u00e1cie online a prisp\u00f4sob\u00edme \u010das vyzdvihnutia tak, aby ste necestovali zbyto\u010dne.<\/p>\n<h2 data-start=\"2244\" data-end=\"2294\">V\u00fdhody profesion\u00e1lneho odvozu na letisko Viede\u0148<\/h2>\n<p data-start=\"2296\" data-end=\"2551\">Medzi hlavn\u00e9 v\u00fdhody patr\u00ed komfort, spo\u013eahlivos\u0165 a bezpe\u010dnos\u0165. Profesion\u00e1lni vodi\u010di s\u00fa sk\u00fasen\u00ed, poznaj\u00fa najr\u00fdchlej\u0161ie trasy a v\u017edy s\u00fa pripraven\u00ed pom\u00f4c\u0165 s bato\u017einou \u010di in\u00fdmi po\u017eiadavkami. Navy\u0161e, odvoz si m\u00f4\u017eete objedna\u0165 kedyko\u013evek \u2013 slu\u017eba funguje nonstop.<\/p>\n<p data-start=\"2553\" data-end=\"2752\">Pre cestuj\u00facich s obmedzen\u00fdm \u010dasom je ve\u013ekou v\u00fdhodou mo\u017enos\u0165 vyu\u017ei\u0165 expresn\u00fd transfer bez zbyto\u010dn\u00fdch prestojov. Nemus\u00edte sa stara\u0165 o parkovanie na letisku, \u010do \u010dasto predstavuje \u010fal\u0161\u00ed stres a n\u00e1klady.<\/p>\n<h2 data-start=\"2754\" data-end=\"2802\">Odvoz na letisko Viede\u0148 z Bratislavy a okolia<\/h2>\n<p data-start=\"2804\" data-end=\"3035\">Okrem Bratislavy zabezpe\u010dujeme aj odvoz z \u010fal\u0161\u00edch miest v okol\u00ed, ako s\u00fa Pezinok, Senec, Malacky, Dunajsk\u00e1 Streda alebo Trnava. Bez oh\u013eadu na to, kde sa nach\u00e1dzate, vieme v\u00e1m zabezpe\u010di\u0165 pohodln\u00fd transfer presne pod\u013ea va\u0161ich potrieb.<\/p>\n<h2 data-start=\"3037\" data-end=\"3066\">Pre koho je slu\u017eba ur\u010den\u00e1?<\/h2>\n<p data-start=\"3068\" data-end=\"3090\">Slu\u017eba je ide\u00e1lna pre:<\/p>\n<ul data-start=\"3092\" data-end=\"3250\">\n<li data-start=\"3092\" data-end=\"3119\">\n<p data-start=\"3094\" data-end=\"3119\">turistov a dovolenk\u00e1rov<\/p>\n<\/li>\n<li data-start=\"3120\" data-end=\"3146\">\n<p data-start=\"3122\" data-end=\"3146\">obchodn\u00fdch cestuj\u00facich<\/p>\n<\/li>\n<li data-start=\"3147\" data-end=\"3165\">\n<p data-start=\"3149\" data-end=\"3165\">rodiny s de\u0165mi<\/p>\n<\/li>\n<li data-start=\"3166\" data-end=\"3193\">\n<p data-start=\"3168\" data-end=\"3193\">skupiny a firemn\u00e9 akcie<\/p>\n<\/li>\n<li data-start=\"3194\" data-end=\"3250\">\n<p data-start=\"3196\" data-end=\"3250\">\u013eud\u00ed s obmedzenou pohyblivos\u0165ou, ktor\u00fdm u\u013eah\u010d\u00edme cestu<\/p>\n<\/li>\n<\/ul>\n<h2 data-start=\"3252\" data-end=\"3289\">Ako si vybra\u0165 spr\u00e1vny typ vozidla?<\/h2>\n<p data-start=\"3291\" data-end=\"3517\">Pon\u00fakame r\u00f4zne vozidl\u00e1 pod\u013ea po\u010dtu os\u00f4b a bato\u017einy. Od \u0161tandardn\u00fdch sedanov, cez v\u00e4\u010d\u0161ie kombi a\u017e po mikrobusy pre skupiny do 8 os\u00f4b. Ak cestujete s de\u0165mi, zabezpe\u010d\u00edme bezpe\u010dn\u00e9 detsk\u00e9 autoseda\u010dky pod\u013ea veku a hmotnosti die\u0165a\u0165a.<\/p>\n<h2 data-start=\"3519\" data-end=\"3548\">\u010co hovoria na\u0161i z\u00e1kazn\u00edci?<\/h2>\n<p data-start=\"3550\" data-end=\"3771\">Na\u0161i klienti oce\u0148uj\u00fa najm\u00e4 profesion\u00e1lny pr\u00edstup vodi\u010dov, spo\u013eahlivos\u0165 a pr\u00edjemn\u00fa jazdu. Ve\u013ea cestuj\u00facich sa k n\u00e1m pravidelne vracia a odpor\u00fa\u010da n\u00e1s \u010falej. Pozrite si recenzie na na\u0161ej webovej str\u00e1nke alebo Google profile.<\/p>\n<h2 data-start=\"3773\" data-end=\"3815\">Ako rezervova\u0165 odvoz na letisko Viede\u0148?<\/h2>\n<p data-start=\"3817\" data-end=\"4059\">Rezerv\u00e1cia je mo\u017en\u00e1 telefonicky, e-mailom alebo cez jednoduch\u00fd online formul\u00e1r. Po potvrden\u00ed rezerv\u00e1cie dostanete podrobn\u00e9 inform\u00e1cie o \u010dase a mieste vyzdvihnutia a kontakte na vodi\u010da. V pr\u00edpade ak\u00fdchko\u013evek zmien sme v\u00e1m k dispoz\u00edcii nonstop.<\/p>\n<h2 data-start=\"4061\" data-end=\"4069\">Z\u00e1ver<\/h2>\n<p data-start=\"4071\" data-end=\"4396\">Ak chcete cestova\u0165 na letisko Viede\u0148 pohodlne, bez stresu a v\u010das, <strong data-start=\"4137\" data-end=\"4164\">odvoz na letisko Viede\u0148<\/strong> je pre v\u00e1s ide\u00e1lnou vo\u013ebou. U\u0161etr\u00edte si starosti s parkovan\u00edm, h\u013eadan\u00edm spoja alebo nepr\u00edjemn\u00fdmi prestupmi vo verejnej doprave. Vyu\u017eite slu\u017eby profesion\u00e1lov a u\u017eite si svoju cestu od za\u010diatku a\u017e do konca bez zbyto\u010dn\u00fdch komplik\u00e1ci\u00ed.<\/p>\n<p data-start=\"4398\" data-end=\"4489\">Kontaktujte n\u00e1s e\u0161te dnes a zabezpe\u010dte si spo\u013eahliv\u00fd a pohodln\u00fd transfer na letisko Viede\u0148.<\/p>","protected":false},"excerpt":{"rendered":"<p>Odvoz na letisko Viede\u0148 je ide\u00e1lnym rie\u0161en\u00edm pre v\u0161etk\u00fdch, ktor\u00ed h\u013eadaj\u00fa pohodln\u00fa, r\u00fdchlu a bezpe\u010dn\u00fa dopravu z Bratislavy alebo okolit\u00fdch miest priamo na letisko Schwechat. \u010ci u\u017e cestujete slu\u017eobne, na dovolenku alebo za rodinou, profesion\u00e1lny transfer v\u00e1m zabezpe\u010d\u00ed bezstresov\u00fa cestu bez zbyto\u010dn\u00e9ho \u010dakania, komplik\u00e1ci\u00ed \u010di starost\u00ed s parkovan\u00edm. Pre\u010do si vybra\u0165 odvoz na letisko Viede\u0148? [&hellip;]<\/p>\n","protected":false},"author":1,"featured_media":472,"comment_status":"open","ping_status":"open","sticky":false,"template":"","format":"standard","meta":{"footnotes":""},"categories":[12],"tags":[],"class_list":["post-432","post","type-post","status-publish","format-standard","has-post-thumbnail","hentry","category-blog"],"yoast_head":"<!-- This site is optimized with the Yoast SEO plugin v27.5 - https:\/\/yoast.com\/product\/yoast-seo-wordpress\/ -->\n<title>Odvoz na letisko Viede\u0148 &#8211; Taxi Schwechat Transfer<\/title>\n<meta name=\"description\" content=\"Odvoz na letisko Viede\u0148 je ide\u00e1lnym rie\u0161en\u00edm pre v\u0161etk\u00fdch, ktor\u00ed h\u013eadaj\u00fa pohodln\u00fa, r\u00fdchlu a bezpe\u010dn\u00fa dopravu z Bratislavy alebo okolit\u00fdch...\" \/>\n<meta name=\"robots\" content=\"index, follow, max-snippet:-1, max-image-preview:large, max-video-preview:-1\" \/>\n<link rel=\"canonical\" href=\"https:\/\/www.taxi-schwechat-transfer.eu\/en\/odvoz-na-letisko-vieden\/\" \/>\n<meta property=\"og:locale\" content=\"en_US\" \/>\n<meta property=\"og:type\" content=\"article\" \/>\n<meta property=\"og:title\" content=\"Odvoz na letisko Viede\u0148 &#8211; Taxi Schwechat Transfer\" \/>\n<meta property=\"og:description\" content=\"Odvoz na letisko Viede\u0148 je ide\u00e1lnym rie\u0161en\u00edm pre v\u0161etk\u00fdch, ktor\u00ed h\u013eadaj\u00fa pohodln\u00fa, r\u00fdchlu a bezpe\u010dn\u00fa dopravu z Bratislavy alebo okolit\u00fdch...\" \/>\n<meta property=\"og:url\" content=\"https:\/\/www.taxi-schwechat-transfer.eu\/en\/odvoz-na-letisko-vieden\/\" \/>\n<meta property=\"og:site_name\" content=\"Taxi Schwechat Transfer\" \/>\n<meta property=\"article:publisher\" content=\"https:\/\/www.facebook.com\/profile.php?id=61557366056381&amp;sk=photos\" \/>\n<meta property=\"article:published_time\" content=\"2025-06-19T14:16:24+00:00\" \/>\n<meta property=\"article:modified_time\" content=\"2025-06-20T08:23:01+00:00\" \/>\n<meta property=\"og:image\" content=\"https:\/\/www.taxi-schwechat-transfer.eu\/wp-content\/uploads\/2025\/06\/Odvoz-na-letisko-Vieden2-scaled.jpg\" \/>\n\t<meta property=\"og:image:width\" content=\"2560\" \/>\n\t<meta property=\"og:image:height\" content=\"1707\" \/>\n\t<meta property=\"og:image:type\" content=\"image\/jpeg\" \/>\n<meta name=\"author\" content=\"admin\" \/>\n<meta name=\"twitter:card\" content=\"summary_large_image\" \/>\n<meta name=\"twitter:label1\" content=\"Written by\" \/>\n\t<meta name=\"twitter:data1\" content=\"admin\" \/>\n\t<meta name=\"twitter:label2\" content=\"Est. reading time\" \/>\n\t<meta name=\"twitter:data2\" content=\"4 minutes\" \/>\n<script type=\"application\/ld+json\" class=\"yoast-schema-graph\">{\"@context\":\"https:\\\/\\\/schema.org\",\"@graph\":[{\"@type\":\"Article\",\"@id\":\"https:\\\/\\\/www.taxi-schwechat-transfer.eu\\\/odvoz-na-letisko-vieden\\\/#article\",\"isPartOf\":{\"@id\":\"https:\\\/\\\/www.taxi-schwechat-transfer.eu\\\/odvoz-na-letisko-vieden\\\/\"},\"author\":{\"name\":\"admin\",\"@id\":\"https:\\\/\\\/www.taxi-schwechat-transfer.eu\\\/#\\\/schema\\\/person\\\/5b53d42ac700716e88d777314dfc0489\"},\"headline\":\"Odvoz na letisko Viede\u0148\",\"datePublished\":\"2025-06-19T14:16:24+00:00\",\"dateModified\":\"2025-06-20T08:23:01+00:00\",\"mainEntityOfPage\":{\"@id\":\"https:\\\/\\\/www.taxi-schwechat-transfer.eu\\\/odvoz-na-letisko-vieden\\\/\"},\"wordCount\":794,\"commentCount\":0,\"publisher\":{\"@id\":\"https:\\\/\\\/www.taxi-schwechat-transfer.eu\\\/#organization\"},\"image\":{\"@id\":\"https:\\\/\\\/www.taxi-schwechat-transfer.eu\\\/odvoz-na-letisko-vieden\\\/#primaryimage\"},\"thumbnailUrl\":\"https:\\\/\\\/www.taxi-schwechat-transfer.eu\\\/wp-content\\\/uploads\\\/2025\\\/06\\\/Odvoz-na-letisko-Vieden2-scaled.jpg\",\"articleSection\":[\"Blog\"],\"inLanguage\":\"en-US\",\"potentialAction\":[{\"@type\":\"CommentAction\",\"name\":\"Comment\",\"target\":[\"https:\\\/\\\/www.taxi-schwechat-transfer.eu\\\/odvoz-na-letisko-vieden\\\/#respond\"]}]},{\"@type\":\"WebPage\",\"@id\":\"https:\\\/\\\/www.taxi-schwechat-transfer.eu\\\/odvoz-na-letisko-vieden\\\/\",\"url\":\"https:\\\/\\\/www.taxi-schwechat-transfer.eu\\\/odvoz-na-letisko-vieden\\\/\",\"name\":\"Odvoz na letisko Viede\u0148 &#8211; Taxi Schwechat Transfer\",\"isPartOf\":{\"@id\":\"https:\\\/\\\/www.taxi-schwechat-transfer.eu\\\/#website\"},\"primaryImageOfPage\":{\"@id\":\"https:\\\/\\\/www.taxi-schwechat-transfer.eu\\\/odvoz-na-letisko-vieden\\\/#primaryimage\"},\"image\":{\"@id\":\"https:\\\/\\\/www.taxi-schwechat-transfer.eu\\\/odvoz-na-letisko-vieden\\\/#primaryimage\"},\"thumbnailUrl\":\"https:\\\/\\\/www.taxi-schwechat-transfer.eu\\\/wp-content\\\/uploads\\\/2025\\\/06\\\/Odvoz-na-letisko-Vieden2-scaled.jpg\",\"datePublished\":\"2025-06-19T14:16:24+00:00\",\"dateModified\":\"2025-06-20T08:23:01+00:00\",\"description\":\"Odvoz na letisko Viede\u0148 je ide\u00e1lnym rie\u0161en\u00edm pre v\u0161etk\u00fdch, ktor\u00ed h\u013eadaj\u00fa pohodln\u00fa, r\u00fdchlu a bezpe\u010dn\u00fa dopravu z Bratislavy alebo okolit\u00fdch...\",\"breadcrumb\":{\"@id\":\"https:\\\/\\\/www.taxi-schwechat-transfer.eu\\\/odvoz-na-letisko-vieden\\\/#breadcrumb\"},\"inLanguage\":\"en-US\",\"potentialAction\":[{\"@type\":\"ReadAction\",\"target\":[\"https:\\\/\\\/www.taxi-schwechat-transfer.eu\\\/odvoz-na-letisko-vieden\\\/\"]}]},{\"@type\":\"ImageObject\",\"inLanguage\":\"en-US\",\"@id\":\"https:\\\/\\\/www.taxi-schwechat-transfer.eu\\\/odvoz-na-letisko-vieden\\\/#primaryimage\",\"url\":\"https:\\\/\\\/www.taxi-schwechat-transfer.eu\\\/wp-content\\\/uploads\\\/2025\\\/06\\\/Odvoz-na-letisko-Vieden2-scaled.jpg\",\"contentUrl\":\"https:\\\/\\\/www.taxi-schwechat-transfer.eu\\\/wp-content\\\/uploads\\\/2025\\\/06\\\/Odvoz-na-letisko-Vieden2-scaled.jpg\",\"width\":2560,\"height\":1707,\"caption\":\"Odvoz na letisko Viede\u0148\"},{\"@type\":\"BreadcrumbList\",\"@id\":\"https:\\\/\\\/www.taxi-schwechat-transfer.eu\\\/odvoz-na-letisko-vieden\\\/#breadcrumb\",\"itemListElement\":[{\"@type\":\"ListItem\",\"position\":1,\"name\":\"Domovsk\u00e1 str\u00e1nka\",\"item\":\"https:\\\/\\\/www.taxi-schwechat-transfer.eu\\\/\"},{\"@type\":\"ListItem\",\"position\":2,\"name\":\"Odvoz na letisko Viede\u0148\"}]},{\"@type\":\"WebSite\",\"@id\":\"https:\\\/\\\/www.taxi-schwechat-transfer.eu\\\/#website\",\"url\":\"https:\\\/\\\/www.taxi-schwechat-transfer.eu\\\/\",\"name\":\"Jettransfer | Osobn\u00e1 preprava\",\"description\":\"Spo\u013eahliv\u00e1 preprava na letisko\",\"publisher\":{\"@id\":\"https:\\\/\\\/www.taxi-schwechat-transfer.eu\\\/#organization\"},\"potentialAction\":[{\"@type\":\"SearchAction\",\"target\":{\"@type\":\"EntryPoint\",\"urlTemplate\":\"https:\\\/\\\/www.taxi-schwechat-transfer.eu\\\/?s={search_term_string}\"},\"query-input\":{\"@type\":\"PropertyValueSpecification\",\"valueRequired\":true,\"valueName\":\"search_term_string\"}}],\"inLanguage\":\"en-US\"},{\"@type\":\"Organization\",\"@id\":\"https:\\\/\\\/www.taxi-schwechat-transfer.eu\\\/#organization\",\"name\":\"JETTransfer\",\"url\":\"https:\\\/\\\/www.taxi-schwechat-transfer.eu\\\/\",\"logo\":{\"@type\":\"ImageObject\",\"inLanguage\":\"en-US\",\"@id\":\"https:\\\/\\\/www.taxi-schwechat-transfer.eu\\\/#\\\/schema\\\/logo\\\/image\\\/\",\"url\":\"https:\\\/\\\/www.taxi-schwechat-transfer.eu\\\/wp-content\\\/uploads\\\/2025\\\/04\\\/176032148_padded_logo-e1744719779712.png\",\"contentUrl\":\"https:\\\/\\\/www.taxi-schwechat-transfer.eu\\\/wp-content\\\/uploads\\\/2025\\\/04\\\/176032148_padded_logo-e1744719779712.png\",\"width\":696,\"height\":696,\"caption\":\"JETTransfer\"},\"image\":{\"@id\":\"https:\\\/\\\/www.taxi-schwechat-transfer.eu\\\/#\\\/schema\\\/logo\\\/image\\\/\"},\"sameAs\":[\"https:\\\/\\\/www.facebook.com\\\/profile.php?id=61557366056381&sk=photos\",\"https:\\\/\\\/www.instagram.com\\\/jettransfer.sk?igsh=MTc1NDN5NmRwN3Frcw&utm_source=qr\",\"https:\\\/\\\/www.linkedin.com\\\/in\\\/peter-zatko-446776335\"]},{\"@type\":\"Person\",\"@id\":\"https:\\\/\\\/www.taxi-schwechat-transfer.eu\\\/#\\\/schema\\\/person\\\/5b53d42ac700716e88d777314dfc0489\",\"name\":\"admin\",\"image\":{\"@type\":\"ImageObject\",\"inLanguage\":\"en-US\",\"@id\":\"https:\\\/\\\/secure.gravatar.com\\\/avatar\\\/a205d7874edcd179fea4c176485d4bd8521c6223792b16956c7488e1b6969272?s=96&d=mm&r=g\",\"url\":\"https:\\\/\\\/secure.gravatar.com\\\/avatar\\\/a205d7874edcd179fea4c176485d4bd8521c6223792b16956c7488e1b6969272?s=96&d=mm&r=g\",\"contentUrl\":\"https:\\\/\\\/secure.gravatar.com\\\/avatar\\\/a205d7874edcd179fea4c176485d4bd8521c6223792b16956c7488e1b6969272?s=96&d=mm&r=g\",\"caption\":\"admin\"},\"sameAs\":[\"https:\\\/\\\/www.taxi-schwechat-transfer.eu\"],\"url\":\"https:\\\/\\\/www.taxi-schwechat-transfer.eu\\\/en\\\/author\\\/admin\\\/\"}]}<\/script>\n<!-- \/ Yoast SEO plugin. -->","yoast_head_json":{"title":"Odvoz na letisko Viede\u0148 &#8211; Taxi Schwechat Transfer","description":"Odvoz na letisko Viede\u0148 je ide\u00e1lnym rie\u0161en\u00edm pre v\u0161etk\u00fdch, ktor\u00ed h\u013eadaj\u00fa pohodln\u00fa, r\u00fdchlu a bezpe\u010dn\u00fa dopravu z Bratislavy alebo okolit\u00fdch...","robots":{"index":"index","follow":"follow","max-snippet":"max-snippet:-1","max-image-preview":"max-image-preview:large","max-video-preview":"max-video-preview:-1"},"canonical":"https:\/\/www.taxi-schwechat-transfer.eu\/en\/odvoz-na-letisko-vieden\/","og_locale":"en_US","og_type":"article","og_title":"Odvoz na letisko Viede\u0148 &#8211; Taxi Schwechat Transfer","og_description":"Odvoz na letisko Viede\u0148 je ide\u00e1lnym rie\u0161en\u00edm pre v\u0161etk\u00fdch, ktor\u00ed h\u013eadaj\u00fa pohodln\u00fa, r\u00fdchlu a bezpe\u010dn\u00fa dopravu z Bratislavy alebo okolit\u00fdch...","og_url":"https:\/\/www.taxi-schwechat-transfer.eu\/en\/odvoz-na-letisko-vieden\/","og_site_name":"Taxi Schwechat Transfer","article_publisher":"https:\/\/www.facebook.com\/profile.php?id=61557366056381&sk=photos","article_published_time":"2025-06-19T14:16:24+00:00","article_modified_time":"2025-06-20T08:23:01+00:00","og_image":[{"width":2560,"height":1707,"url":"https:\/\/www.taxi-schwechat-transfer.eu\/wp-content\/uploads\/2025\/06\/Odvoz-na-letisko-Vieden2-scaled.jpg","type":"image\/jpeg"}],"author":"admin","twitter_card":"summary_large_image","twitter_misc":{"Written by":"admin","Est. reading time":"4 minutes"},"schema":{"@context":"https:\/\/schema.org","@graph":[{"@type":"Article","@id":"https:\/\/www.taxi-schwechat-transfer.eu\/odvoz-na-letisko-vieden\/#article","isPartOf":{"@id":"https:\/\/www.taxi-schwechat-transfer.eu\/odvoz-na-letisko-vieden\/"},"author":{"name":"admin","@id":"https:\/\/www.taxi-schwechat-transfer.eu\/#\/schema\/person\/5b53d42ac700716e88d777314dfc0489"},"headline":"Odvoz na letisko Viede\u0148","datePublished":"2025-06-19T14:16:24+00:00","dateModified":"2025-06-20T08:23:01+00:00","mainEntityOfPage":{"@id":"https:\/\/www.taxi-schwechat-transfer.eu\/odvoz-na-letisko-vieden\/"},"wordCount":794,"commentCount":0,"publisher":{"@id":"https:\/\/www.taxi-schwechat-transfer.eu\/#organization"},"image":{"@id":"https:\/\/www.taxi-schwechat-transfer.eu\/odvoz-na-letisko-vieden\/#primaryimage"},"thumbnailUrl":"https:\/\/www.taxi-schwechat-transfer.eu\/wp-content\/uploads\/2025\/06\/Odvoz-na-letisko-Vieden2-scaled.jpg","articleSection":["Blog"],"inLanguage":"en-US","potentialAction":[{"@type":"CommentAction","name":"Comment","target":["https:\/\/www.taxi-schwechat-transfer.eu\/odvoz-na-letisko-vieden\/#respond"]}]},{"@type":"WebPage","@id":"https:\/\/www.taxi-schwechat-transfer.eu\/odvoz-na-letisko-vieden\/","url":"https:\/\/www.taxi-schwechat-transfer.eu\/odvoz-na-letisko-vieden\/","name":"Odvoz na letisko Viede\u0148 &#8211; Taxi Schwechat Transfer","isPartOf":{"@id":"https:\/\/www.taxi-schwechat-transfer.eu\/#website"},"primaryImageOfPage":{"@id":"https:\/\/www.taxi-schwechat-transfer.eu\/odvoz-na-letisko-vieden\/#primaryimage"},"image":{"@id":"https:\/\/www.taxi-schwechat-transfer.eu\/odvoz-na-letisko-vieden\/#primaryimage"},"thumbnailUrl":"https:\/\/www.taxi-schwechat-transfer.eu\/wp-content\/uploads\/2025\/06\/Odvoz-na-letisko-Vieden2-scaled.jpg","datePublished":"2025-06-19T14:16:24+00:00","dateModified":"2025-06-20T08:23:01+00:00","description":"Odvoz na letisko Viede\u0148 je ide\u00e1lnym rie\u0161en\u00edm pre v\u0161etk\u00fdch, ktor\u00ed h\u013eadaj\u00fa pohodln\u00fa, r\u00fdchlu a bezpe\u010dn\u00fa dopravu z Bratislavy alebo okolit\u00fdch...","breadcrumb":{"@id":"https:\/\/www.taxi-schwechat-transfer.eu\/odvoz-na-letisko-vieden\/#breadcrumb"},"inLanguage":"en-US","potentialAction":[{"@type":"ReadAction","target":["https:\/\/www.taxi-schwechat-transfer.eu\/odvoz-na-letisko-vieden\/"]}]},{"@type":"ImageObject","inLanguage":"en-US","@id":"https:\/\/www.taxi-schwechat-transfer.eu\/odvoz-na-letisko-vieden\/#primaryimage","url":"https:\/\/www.taxi-schwechat-transfer.eu\/wp-content\/uploads\/2025\/06\/Odvoz-na-letisko-Vieden2-scaled.jpg","contentUrl":"https:\/\/www.taxi-schwechat-transfer.eu\/wp-content\/uploads\/2025\/06\/Odvoz-na-letisko-Vieden2-scaled.jpg","width":2560,"height":1707,"caption":"Odvoz na letisko Viede\u0148"},{"@type":"BreadcrumbList","@id":"https:\/\/www.taxi-schwechat-transfer.eu\/odvoz-na-letisko-vieden\/#breadcrumb","itemListElement":[{"@type":"ListItem","position":1,"name":"Domovsk\u00e1 str\u00e1nka","item":"https:\/\/www.taxi-schwechat-transfer.eu\/"},{"@type":"ListItem","position":2,"name":"Odvoz na letisko Viede\u0148"}]},{"@type":"WebSite","@id":"https:\/\/www.taxi-schwechat-transfer.eu\/#website","url":"https:\/\/www.taxi-schwechat-transfer.eu\/","name":"Jettransfer | Osobn\u00e1 preprava","description":"Spo\u013eahliv\u00e1 preprava na letisko","publisher":{"@id":"https:\/\/www.taxi-schwechat-transfer.eu\/#organization"},"potentialAction":[{"@type":"SearchAction","target":{"@type":"EntryPoint","urlTemplate":"https:\/\/www.taxi-schwechat-transfer.eu\/?s={search_term_string}"},"query-input":{"@type":"PropertyValueSpecification","valueRequired":true,"valueName":"search_term_string"}}],"inLanguage":"en-US"},{"@type":"Organization","@id":"https:\/\/www.taxi-schwechat-transfer.eu\/#organization","name":"JETTransfer","url":"https:\/\/www.taxi-schwechat-transfer.eu\/","logo":{"@type":"ImageObject","inLanguage":"en-US","@id":"https:\/\/www.taxi-schwechat-transfer.eu\/#\/schema\/logo\/image\/","url":"https:\/\/www.taxi-schwechat-transfer.eu\/wp-content\/uploads\/2025\/04\/176032148_padded_logo-e1744719779712.png","contentUrl":"https:\/\/www.taxi-schwechat-transfer.eu\/wp-content\/uploads\/2025\/04\/176032148_padded_logo-e1744719779712.png","width":696,"height":696,"caption":"JETTransfer"},"image":{"@id":"https:\/\/www.taxi-schwechat-transfer.eu\/#\/schema\/logo\/image\/"},"sameAs":["https:\/\/www.facebook.com\/profile.php?id=61557366056381&sk=photos","https:\/\/www.instagram.com\/jettransfer.sk?igsh=MTc1NDN5NmRwN3Frcw&utm_source=qr","https:\/\/www.linkedin.com\/in\/peter-zatko-446776335"]},{"@type":"Person","@id":"https:\/\/www.taxi-schwechat-transfer.eu\/#\/schema\/person\/5b53d42ac700716e88d777314dfc0489","name":"admin","image":{"@type":"ImageObject","inLanguage":"en-US","@id":"https:\/\/secure.gravatar.com\/avatar\/a205d7874edcd179fea4c176485d4bd8521c6223792b16956c7488e1b6969272?s=96&d=mm&r=g","url":"https:\/\/secure.gravatar.com\/avatar\/a205d7874edcd179fea4c176485d4bd8521c6223792b16956c7488e1b6969272?s=96&d=mm&r=g","contentUrl":"https:\/\/secure.gravatar.com\/avatar\/a205d7874edcd179fea4c176485d4bd8521c6223792b16956c7488e1b6969272?s=96&d=mm&r=g","caption":"admin"},"sameAs":["https:\/\/www.taxi-schwechat-transfer.eu"],"url":"https:\/\/www.taxi-schwechat-transfer.eu\/en\/author\/admin\/"}]}},"_links":{"self":[{"href":"https:\/\/www.taxi-schwechat-transfer.eu\/en\/wp-json\/wp\/v2\/posts\/432","targetHints":{"allow":["GET"]}}],"collection":[{"href":"https:\/\/www.taxi-schwechat-transfer.eu\/en\/wp-json\/wp\/v2\/posts"}],"about":[{"href":"https:\/\/www.taxi-schwechat-transfer.eu\/en\/wp-json\/wp\/v2\/types\/post"}],"author":[{"embeddable":true,"href":"https:\/\/www.taxi-schwechat-transfer.eu\/en\/wp-json\/wp\/v2\/users\/1"}],"replies":[{"embeddable":true,"href":"https:\/\/www.taxi-schwechat-transfer.eu\/en\/wp-json\/wp\/v2\/comments?post=432"}],"version-history":[{"count":2,"href":"https:\/\/www.taxi-schwechat-transfer.eu\/en\/wp-json\/wp\/v2\/posts\/432\/revisions"}],"predecessor-version":[{"id":473,"href":"https:\/\/www.taxi-schwechat-transfer.eu\/en\/wp-json\/wp\/v2\/posts\/432\/revisions\/473"}],"wp:featuredmedia":[{"embeddable":true,"href":"https:\/\/www.taxi-schwechat-transfer.eu\/en\/wp-json\/wp\/v2\/media\/472"}],"wp:attachment":[{"href":"https:\/\/www.taxi-schwechat-transfer.eu\/en\/wp-json\/wp\/v2\/media?parent=432"}],"wp:term":[{"taxonomy":"category","embeddable":true,"href":"https:\/\/www.taxi-schwechat-transfer.eu\/en\/wp-json\/wp\/v2\/categories?post=432"},{"taxonomy":"post_tag","embeddable":true,"href":"https:\/\/www.taxi-schwechat-transfer.eu\/en\/wp-json\/wp\/v2\/tags?post=432"}],"curies":[{"name":"wp","href":"https:\/\/api.w.org\/{rel}","templated":true}]}}